{"id":156033,"date":"2025-05-27T20:33:00","date_gmt":"2025-05-27T18:33:00","guid":{"rendered":"https:\/\/www.anteasroma.it\/new\/?p=156033"},"modified":"2025-06-08T15:13:23","modified_gmt":"2025-06-08T13:13:23","slug":"casa-dei-servizi-cesano-portierato-sociale","status":"publish","type":"post","link":"https:\/\/www.anteasroma.it\/new\/casa-dei-servizi-cesano-portierato-sociale\/","title":{"rendered":"Inaugurata la Casa dei Servizi di Cesano: Anteas Roma in prima linea con il Portierato Sociale"},"content":{"rendered":"<p>Il 28 maggio 2025 ANTEAS ROMA ODV ha partecipato con orgoglio e profondo senso di responsabilit\u00e0 all\u2019inaugurazione della nuova \u201cCasa dei Servizi\u201d di Cesano, nel territorio del Municipio Roma XV. Un traguardo significativo che rappresenta molto pi\u00f9 di un\u2019apertura formale: \u00e8 l\u2019inizio di un nuovo modello di prossimit\u00e0, solidariet\u00e0 e presenza sociale, costruito intorno ai reali bisogni delle persone.<\/p>\n<p>La Casa dei Servizi nasce come spazio pubblico aperto, accogliente e accessibile, pensato per offrire risposte concrete attraverso l\u2019integrazione di servizi, il rafforzamento della rete territoriale e la promozione di relazioni significative. Ogni ambiente \u00e8 stato progettato per essere vissuto, affinch\u00e9 chiunque vi entri possa sentirsi accolto, ascoltato e riconosciuto.<\/p>\n<p>ANTEAS ROMA sar\u00e0 protagonista attiva di questo nuovo presidio di comunit\u00e0, con la gestione e il finanziamento diretto del Portierato Sociale, un servizio stabile e continuativo che si pone come punto di riferimento per il quartiere. Il Portierato sar\u00e0 molto pi\u00f9 di uno sportello: sar\u00e0 un luogo di ascolto, orientamento, socializzazione e accompagnamento, dove la presenza umana e volontaria diventa strumento di cura e inclusione.<\/p>\n<p>Con la propria rete di volontarie e volontari, ANTEAS ROMA sar\u00e0 quotidianamente presente per offrire supporto soprattutto alle persone pi\u00f9 fragili \u2013 anziani soli, famiglie in difficolt\u00e0, cittadini disorientati nei percorsi amministrativi e sociali \u2013 portando un contributo fondato sulla vicinanza, sulla fiducia e sulla costruzione di legami autentici. Un impegno che traduce in pratica la missione dell\u2019associazione: mettere l\u2019umanit\u00e0 al centro dei servizi, valorizzando il ruolo attivo del volontariato nella cura del territorio.<\/p>\n<p>La Casa dei Servizi \u00e8 frutto di una visione condivisa e della sinergia tra attori pubblici e sociali. ANTEAS ROMA desidera esprimere la propria gratitudine a Roma Capitale, al Presidente del Municipio XV Daniele Torquati, all\u2019Assessora alle Politiche Sociali e alla Salute Barbara Funari, all\u2019Assessora municipale alle Politiche Sociali Agnese Rollo, e a tutti i partner coinvolti, tra cui Fondazione Mondo Digitale, che offrir\u00e0 alla cittadinanza servizi per l\u2019inclusione digitale, riducendo il divario tecnologico e favorendo una partecipazione piena alla vita sociale.<\/p>\n<p>Il Portierato Sociale rappresenta per ANTEAS ROMA una sfida e una promessa: quella di continuare a essere presidio attivo di prossimit\u00e0, innovando nella tradizione e rafforzando ogni giorno la propria azione sul campo, con umilt\u00e0, dedizione e professionalit\u00e0.<\/p>\n<p>La Casa dei Servizi non \u00e8 solo una struttura: \u00e8 un luogo simbolico, dove si costruisce una nuova idea di welfare comunitario. Un luogo in cui le istituzioni dialogano con i cittadini, dove il volontariato si fa presenza quotidiana e dove il prendersi cura diventa scelta condivisa.<\/p>\n<p><strong>ANTEAS ROMA \u00e8 pronta a far vivere questo spazio con progettualit\u00e0, attenzione e ascolto, perch\u00e9 ogni comunit\u00e0 ha bisogno di case vere, in cui sentirsi accolti, e di reti vere, in cui sentirsi parte.<\/strong><\/p>\n<p>E questo, per noi, \u00e8 solo l\u2019inizio.<\/p>\n<p>&nbsp;<\/p>\n<div id='gallery-1' class='gallery galleryid-156033 gallery-columns-3 gallery-size-thumbnail'><figure class='gallery-item'>\n\t\t\t<div class='gallery-icon portrait'>\n\t\t\t\t<a href='https:\/\/www.anteasroma.it\/new\/casa-dei-servizi-cesano-portierato-sociale\/501389525_1105681411606257_481043916000710835_n\/'><img decoding=\"async\" width=\"150\" height=\"150\" src=\"https:\/\/www.anteasroma.it\/new\/wp-content\/uploads\/2025\/05\/501389525_1105681411606257_481043916000710835_n-150x150.jpg\" class=\"attachment-thumbnail size-thumbnail\" alt=\"casa dei servizi Cesano\" srcset=\"https:\/\/www.anteasroma.it\/new\/wp-content\/uploads\/2025\/05\/501389525_1105681411606257_481043916000710835_n-150x150.jpg 150w, https:\/\/www.anteasroma.it\/new\/wp-content\/uploads\/2025\/05\/501389525_1105681411606257_481043916000710835_n-348x348.jpg 348w\" sizes=\"(max-width: 150px) 100vw, 150px\" \/><\/a>\n\t\t\t<\/div><\/figure><figure class='gallery-item'>\n\t\t\t<div class='gallery-icon portrait'>\n\t\t\t\t<a href='https:\/\/www.anteasroma.it\/new\/casa-dei-servizi-cesano-portierato-sociale\/502523599_1105681484939583_7592838540267190386_n\/'><img decoding=\"async\" width=\"150\" height=\"150\" src=\"https:\/\/www.anteasroma.it\/new\/wp-content\/uploads\/2025\/05\/502523599_1105681484939583_7592838540267190386_n-150x150.jpg\" class=\"attachment-thumbnail size-thumbnail\" alt=\"\" srcset=\"https:\/\/www.anteasroma.it\/new\/wp-content\/uploads\/2025\/05\/502523599_1105681484939583_7592838540267190386_n-150x150.jpg 150w, https:\/\/www.anteasroma.it\/new\/wp-content\/uploads\/2025\/05\/502523599_1105681484939583_7592838540267190386_n-348x348.jpg 348w\" sizes=\"(max-width: 150px) 100vw, 150px\" \/><\/a>\n\t\t\t<\/div><\/figure><figure class='gallery-item'>\n\t\t\t<div class='gallery-icon portrait'>\n\t\t\t\t<a href='https:\/\/www.anteasroma.it\/new\/casa-dei-servizi-cesano-portierato-sociale\/500645971_1105681348272930_6704318418193392049_n\/'><img decoding=\"async\" width=\"150\" height=\"150\" src=\"https:\/\/www.anteasroma.it\/new\/wp-content\/uploads\/2025\/05\/500645971_1105681348272930_6704318418193392049_n-150x150.jpg\" class=\"attachment-thumbnail size-thumbnail\" alt=\"\" srcset=\"https:\/\/www.anteasroma.it\/new\/wp-content\/uploads\/2025\/05\/500645971_1105681348272930_6704318418193392049_n-150x150.jpg 150w, https:\/\/www.anteasroma.it\/new\/wp-content\/uploads\/2025\/05\/500645971_1105681348272930_6704318418193392049_n-348x348.jpg 348w\" sizes=\"(max-width: 150px) 100vw, 150px\" \/><\/a>\n\t\t\t<\/div><\/figure>\n\t\t<\/div>\n\n","protected":false},"excerpt":{"rendered":"<p>Il 28 maggio 2025 ANTEAS ROMA ODV ha partecipato con orgoglio e profondo senso di responsabilit\u00e0 all\u2019inaugurazione della nuova \u201cCasa [&hellip;]<\/p>\n","protected":false},"author":1,"featured_media":156767,"comment_status":"open","ping_status":"open","sticky":false,"template":"","format":"standard","meta":{"footnotes":""},"categories":[68,131],"tags":[],"class_list":["post-156033","post","type-post","status-publish","format-standard","has-post-thumbnail","hentry","category-arte-e-cultura","category-istituzioni"],"_links":{"self":[{"href":"https:\/\/www.anteasroma.it\/new\/wp-json\/wp\/v2\/posts\/156033","targetHints":{"allow":["GET"]}}],"collection":[{"href":"https:\/\/www.anteasroma.it\/new\/wp-json\/wp\/v2\/posts"}],"about":[{"href":"https:\/\/www.anteasroma.it\/new\/wp-json\/wp\/v2\/types\/post"}],"author":[{"embeddable":true,"href":"https:\/\/www.anteasroma.it\/new\/wp-json\/wp\/v2\/users\/1"}],"replies":[{"embeddable":true,"href":"https:\/\/www.anteasroma.it\/new\/wp-json\/wp\/v2\/comments?post=156033"}],"version-history":[{"count":8,"href":"https:\/\/www.anteasroma.it\/new\/wp-json\/wp\/v2\/posts\/156033\/revisions"}],"predecessor-version":[{"id":156772,"href":"https:\/\/www.anteasroma.it\/new\/wp-json\/wp\/v2\/posts\/156033\/revisions\/156772"}],"wp:featuredmedia":[{"embeddable":true,"href":"https:\/\/www.anteasroma.it\/new\/wp-json\/wp\/v2\/media\/156767"}],"wp:attachment":[{"href":"https:\/\/www.anteasroma.it\/new\/wp-json\/wp\/v2\/media?parent=156033"}],"wp:term":[{"taxonomy":"category","embeddable":true,"href":"https:\/\/www.anteasroma.it\/new\/wp-json\/wp\/v2\/categories?post=156033"},{"taxonomy":"post_tag","embeddable":true,"href":"https:\/\/www.anteasroma.it\/new\/wp-json\/wp\/v2\/tags?post=156033"}],"curies":[{"name":"wp","href":"https:\/\/api.w.org\/{rel}","templated":true}]}}